{"id":33234,"date":"2025-12-11T09:15:02","date_gmt":"2025-12-11T08:15:02","guid":{"rendered":"https:\/\/althallercommunication.de\/?p=33234"},"modified":"2025-12-11T09:16:42","modified_gmt":"2025-12-11T08:16:42","slug":"tauber-solar-energieloesungen-e-world-2026","status":"publish","type":"post","link":"https:\/\/althallercommunication.de\/en\/tauber-solar-energieloesungen-e-world-2026\/","title":{"rendered":"Tauber-Solar Gruppe: Ganzheitliche Energiel\u00f6sungen f\u00fcr Industrie und Gro\u00dfprojekte \u2013 E-World 2026"},"content":{"rendered":"<h4 class=\"ai-optimize-6 ai-optimize-introduction\"><strong>Tauberbischofsheim, 11.12.2025<\/strong> \u2013 Seit \u00fcber 25 Jahren gestaltet die Tauber-Solar-Gruppe die Energiewende aktiv mit. Auf der E-World 2026 in Essen (10.\u201312. Februar, Halle 1, Stand 1C 134) pr\u00e4sentieren Tauber-Solar und Tauber Energy ihr umfassendes Portfolio f\u00fcr eine nachhaltige, wirtschaftliche und sichere Energieversorgung \u2013 Von gro\u00dfskaligen Solarparks und Speichersystemen bis hin zu individuellen L\u00f6sungen f\u00fcr Gewerbe und Industrie begleiten wir unsere Kunden entlang der gesamten Wertsch\u00f6pfungskette \u2013 von der Planung \u00fcber den Bau und Betrieb bis hin zur (Co-) Investition. Im Mittelpunkt des Messeauftritts steht der Anspruch, Energieprojekte ganzheitlich umzusetzen: Die Unternehmensgruppe deckt heute die komplette Wertsch\u00f6pfungskette ab<em>.<\/em><\/h4>\n<p>&nbsp;<\/p>\n<p class=\"ai-optimize-7 ai-optimize-introduction\">Vor diesem Hintergrund konzentriert sich der Tauber-Energy-Messeauftritt im Bereich Utility Scale auf die Entwicklung und Realisierung gro\u00dfer Freifl\u00e4chen-PV-Anlagen und Gro\u00dfspeicherl\u00f6sungen, die zur Netzstabilit\u00e4t und zur langfristigen Versorgungssicherheit beitragen. Auf Wunsch begleitet das Unternehmen die Projekte auch als Co-Investor und erm\u00f6glicht flexible Finanzierungsmodelle f\u00fcr Projektpartner und Asset Owner.<\/p>\n<p class=\"ai-optimize-8\">Im Segment Commercial &amp; Industrial (C&amp;I) richtet sich das Angebot an Gewerbe- und Industrieunternehmen, die ihre Energieversorgung aktiv und wirtschaftlich gestalten wollen. Hier entwickelt Tauber-Solar ma\u00dfgeschneiderte PV- und Speicherl\u00f6sungen, erg\u00e4nzt durch Power Purchase Agreements (PPAs), die langfristig kalkulierbaren Strompreise und Versorgungssicherheit erm\u00f6glichen.<\/p>\n<p class=\"ai-optimize-9\">Ein weiterer Schwerpunkt ist das Gesch\u00e4ftsfeld Operation &amp; Maintenance (O&amp;M). Mit einer deutschlandweiten Betriebsf\u00fchrung sorgt die Gruppe durch vorausschauende Wartung, Echtzeit-Monitoring und schnelle Entst\u00f6rung f\u00fcr maximale Anlagenverf\u00fcgbarkeit \u00fcber den gesamten Lebenszyklus hinweg.<\/p>\n<blockquote>\n<p class=\"ai-optimize-10\">\u201eUnsere Mission ist klar: Wir verbinden Erfahrung mit Innovation, um f\u00fcr unsere Kunden Energiel\u00f6sungen zu schaffen, die wirtschaftlich, resilient und nachhaltig sind \u2013 vom Megawatt-Solarpark bis zur individuellen Industrieanwendung\u201c, betont Arne Weinig, Gesch\u00e4ftsf\u00fchrender Gesellschafter der Tauber-Solar Holding GmbH.<\/p>\n<\/blockquote>\n<p class=\"ai-optimize-10\">Auf der E-World 2026 verdeutlicht die Gruppe, wie diese Vision in der Praxis umgesetzt wird \u2013 als Systemanbieter, der Solarenergie, Speichertechnologien, Finanzierungsmodelle und Betriebsf\u00fchrung zu skalierbaren Gesamtl\u00f6sungen verbindet.<\/p>\n<p class=\"ai-optimize-11\">Der Auftritt auf der europ\u00e4ischen Leitmesse der Energiewirtschaft im kommenden Februar unterstreicht die Position der Tauber-Unternehmensgruppe seit vielen Jahren etablierte Anbieterin f\u00fcr Solar-PV- und Speicherl\u00f6sungen in Deutschland.<\/p>\n<p>&nbsp;<\/p>\n<h6 class=\"ai-optimize-24\"><strong>\u00dcber <\/strong><strong>die Tauber-Solar-Gruppe<\/strong><\/h6>\n<h6 class=\"ai-optimize-24\"><strong>Die Tauber-Solar Gruppe ist ein Pionier im Bereich der erneuerbaren Energien und vereint unter ihrem Dach die Marken Tauber-Solar und Tauber Energy, um unterschiedliche Kundensegmente optimal zu bedienen. W\u00e4hrend Tauber-Solar gewerbliche und industrielle Kunden (C&amp;I) in Deutschland betreut, konzentriert sich Tauber Energy auf Asset Owner im Bereich Utility-Scale-Solarprojekte und Gro\u00dfspeicher. Tauber-Solar bietet Photovoltaik- und Speicherl\u00f6sungen aus einer Hand \u2013 von der Planung \u00fcber den Bau bis hin zum Betrieb. Tauber Energy entwickelt, errichtet und vermarktet Gro\u00dfspeicherl\u00f6sungen f\u00fcr netzdienliche Anwendungen und den Stromhandel. Mit \u00fcber 25 Jahren Erfahrung setzt die Tauber-Solar Gruppe auf nachhaltiges Wachstum in Deutschland und Europa und bietet ein umfassendes Leistungsportfolio entlang der gesamten Wertsch\u00f6pfungskette.<\/strong><\/h6>\n<h6 class=\"ai-optimize-17\"><strong>Besuchen Sie uns auf <\/strong><a href=\"http:\/\/www.tauber.energy\"><strong>www.tauber.energy<\/strong><\/a> und auf <a href=\"http:\/\/www.tauber-solar.de\"><strong>www.tauber-solar.de<\/strong><\/a><strong>, <\/strong><strong>um mehr \u00fcber unsere L\u00f6sungen und Dienstleistungen zu erfahren.<\/strong><\/h6>\n<p>&nbsp;<\/p>\n<h6 class=\"ai-optimize-18\"><a href=\"https:\/\/althallercommunication.de\/wp-content\/uploads\/2025\/04\/Arne-Weinig_Tauber-Energy_Foto.jpg\"><img decoding=\"async\" class=\"alignnone wp-image-32724\" src=\"https:\/\/althallercommunication.de\/wp-content\/uploads\/2025\/04\/Arne-Weinig_Tauber-Energy_Foto-225x300.jpg\" alt=\"\" width=\"165\" height=\"220\" \/><\/a><\/h6>\n<p class=\"ai-optimize-6\">Arne Weinig, Gesch\u00e4ftsf\u00fchrer der Tauber Energy GmbH.<\/p>\n<p class=\"ai-optimize-6\"><a href=\"https:\/\/althallercommunication.de\/wp-content\/uploads\/2025\/12\/arne-weinig_tauber-energy_1200x1600_online.jpg\">Bildmaterial Aufl\u00f6sung 1200&#215;1600<\/a><br \/>\n<a href=\"https:\/\/althallercommunication.de\/wp-content\/uploads\/2025\/12\/arne-weinig_tauber-energy_2048x1536_print.jpg\">Bildmaterial Aufl\u00f6sung 2048&#215;1536<\/a><\/p>\n<p class=\"ai-optimize-6\">Weiteres Bildmaterial stellen wir Ihnen auf Anfrage gerne zur Verf\u00fcgung.<\/p>\n<p>&nbsp;<\/p>\n<table style=\"height: 410px; width: 506px;\">\n<tbody>\n<tr style=\"height: 51px;\">\n<td style=\"height: 51px; width: 496px;\">\n<h6 class=\"ai-optimize-13\"><strong>Pressekontakt:<\/strong><\/h6>\n<\/td>\n<\/tr>\n<tr style=\"height: 51px;\">\n<td style=\"height: 51px; width: 496px;\">\n<h6 class=\"ai-optimize-14\"><strong>ALTHALLER communication GmbH<\/strong><\/h6>\n<\/td>\n<\/tr>\n<tr style=\"height: 51px;\">\n<td style=\"height: 51px; width: 496px;\">\n<h6 class=\"ai-optimize-15\">Jacqueline Althaller<\/h6>\n<\/td>\n<\/tr>\n<tr style=\"height: 51px;\">\n<td style=\"height: 51px; width: 496px;\">\n<h6 class=\"ai-optimize-16\">Elisabethstra\u00dfe 13<\/h6>\n<\/td>\n<\/tr>\n<tr style=\"height: 51px;\">\n<td style=\"height: 51px; width: 496px;\">\n<h6 class=\"ai-optimize-17\">D-80796 M\u00fcnchen<\/h6>\n<\/td>\n<\/tr>\n<tr style=\"height: 51px;\">\n<td style=\"height: 51px; width: 496px;\">\n<h6 class=\"ai-optimize-18\">Tel: +49 (0) 89 38 66 52 62<\/h6>\n<\/td>\n<\/tr>\n<tr style=\"height: 53px;\">\n<td style=\"height: 53px; width: 496px;\">\n<h6 class=\"ai-optimize-19\">E-Mail: <a href=\"mailto:info@althallercommunication.de\">info@althallercommunication.de<\/a><\/h6>\n<\/td>\n<\/tr>\n<tr style=\"height: 51px;\">\n<td style=\"height: 51px; width: 496px;\">\n<h6 class=\"ai-optimize-19\"><a href=\"http:\/\/www.althallercommunication.de\">www.althallercommunication.de<\/a><\/h6>\n<\/td>\n<\/tr>\n<\/tbody>\n<\/table>\n","protected":false},"excerpt":{"rendered":"<p>Seit \u00fcber 25 Jahren gestaltet die Tauber-Solar-Gruppe die Energiewende aktiv mit. Auf der E-World 2026 in Essen (10.\u201312. Februar, Halle 1, Stand 1C 134) pr\u00e4sentieren Tauber-Solar und Tauber Energy ihr umfassendes Portfolio f\u00fcr eine nachhaltige, wirtschaftliche und sichere Energieversorgung.<\/p>\n","protected":false},"author":6,"featured_media":32724,"comment_status":"closed","ping_status":"closed","sticky":false,"template":"","format":"standard","meta":{"_et_pb_use_builder":"","_et_pb_old_content":"","_et_gb_content_width":"","inline_featured_image":false,"footnotes":""},"categories":[2755,2765,2758],"tags":[2878,2843,2817,2905,2877,2842,2844,1849],"class_list":["post-33234","post","type-post","status-publish","format-standard","has-post-thumbnail","hentry","category-environment","category-klassische-pressearbeit","category-pressemeldungen","tag-batteriespeicher","tag-e-world","tag-energy-en","tag-messe","tag-photovoltaik","tag-solar","tag-speicher","tag-umwelt"],"yoast_head":"<!-- This site is optimized with the Yoast SEO Premium plugin v25.3 (Yoast SEO v27.4) - https:\/\/yoast.com\/product\/yoast-seo-premium-wordpress\/ -->\n<title>Tauber-Solar: Energiel\u00f6sungen E-World 2026<\/title>\n<meta name=\"description\" content=\"Tauber-Solar Gruppe auf der E-World 2026: Solarparks, Gro\u00dfspeicher und PV-L\u00f6sungen f\u00fcr Gewerbe und Industrie aus einer Hand.\" \/>\n<meta name=\"robots\" content=\"index, follow, max-snippet:-1, max-image-preview:large, max-video-preview:-1\" \/>\n<link rel=\"canonical\" href=\"https:\/\/althallercommunication.de\/tauber-solar-energieloesungen-e-world-2026\/\" \/>\n<meta property=\"og:locale\" content=\"en_US\" \/>\n<meta property=\"og:type\" content=\"article\" \/>\n<meta property=\"og:title\" content=\"Tauber-Solar Gruppe: Ganzheitliche Energiel\u00f6sungen f\u00fcr Industrie und Gro\u00dfprojekte \u2013 E-World 2026\" \/>\n<meta property=\"og:description\" content=\"Tauber-Solar Gruppe auf der E-World 2026: Solarparks, Gro\u00dfspeicher und PV-L\u00f6sungen f\u00fcr Gewerbe und Industrie aus einer Hand.\" \/>\n<meta property=\"og:url\" content=\"https:\/\/althallercommunication.de\/tauber-solar-energieloesungen-e-world-2026\/\" \/>\n<meta property=\"og:site_name\" content=\"althaller communication\" \/>\n<meta property=\"article:publisher\" content=\"https:\/\/www.facebook.com\/althallercommunication\" \/>\n<meta property=\"article:published_time\" content=\"2025-12-11T08:15:02+00:00\" \/>\n<meta property=\"article:modified_time\" content=\"2025-12-11T08:16:42+00:00\" \/>\n<meta property=\"og:image\" content=\"https:\/\/althallercommunication.de\/wp-content\/uploads\/2025\/04\/Arne-Weinig_Tauber-Energy_Foto.jpg\" \/>\n\t<meta property=\"og:image:width\" content=\"1440\" \/>\n\t<meta property=\"og:image:height\" content=\"1920\" \/>\n\t<meta property=\"og:image:type\" content=\"image\/jpeg\" \/>\n<meta name=\"author\" content=\"Jacqueline Althaller\" \/>\n<meta name=\"twitter:card\" content=\"summary_large_image\" \/>\n<meta name=\"twitter:creator\" content=\"@ALTHALLERcom\" \/>\n<meta name=\"twitter:site\" content=\"@ALTHALLERcom\" \/>\n<meta name=\"twitter:label1\" content=\"Written by\" \/>\n\t<meta name=\"twitter:data1\" content=\"Jacqueline Althaller\" \/>\n\t<meta name=\"twitter:label2\" content=\"Est. reading time\" \/>\n\t<meta name=\"twitter:data2\" content=\"3 minutes\" \/>\n<script type=\"application\/ld+json\" class=\"yoast-schema-graph\">{\"@context\":\"https:\\\/\\\/schema.org\",\"@graph\":[{\"@type\":\"Article\",\"@id\":\"https:\\\/\\\/althallercommunication.de\\\/tauber-solar-energieloesungen-e-world-2026\\\/#article\",\"isPartOf\":{\"@id\":\"https:\\\/\\\/althallercommunication.de\\\/tauber-solar-energieloesungen-e-world-2026\\\/\"},\"author\":{\"name\":\"Jacqueline Althaller\",\"@id\":\"https:\\\/\\\/althallercommunication.de\\\/#\\\/schema\\\/person\\\/4ca72b5e8d0bebc1f9b3061e463e32ee\"},\"headline\":\"Tauber-Solar Gruppe: Ganzheitliche Energiel\u00f6sungen f\u00fcr Industrie und Gro\u00dfprojekte \u2013 E-World 2026\",\"datePublished\":\"2025-12-11T08:15:02+00:00\",\"dateModified\":\"2025-12-11T08:16:42+00:00\",\"mainEntityOfPage\":{\"@id\":\"https:\\\/\\\/althallercommunication.de\\\/tauber-solar-energieloesungen-e-world-2026\\\/\"},\"wordCount\":537,\"publisher\":{\"@id\":\"https:\\\/\\\/althallercommunication.de\\\/#organization\"},\"image\":{\"@id\":\"https:\\\/\\\/althallercommunication.de\\\/tauber-solar-energieloesungen-e-world-2026\\\/#primaryimage\"},\"thumbnailUrl\":\"https:\\\/\\\/althallercommunication.de\\\/wp-content\\\/uploads\\\/2025\\\/04\\\/Arne-Weinig_Tauber-Energy_Foto.jpg\",\"keywords\":[\"Batteriespeicher\",\"E-World\",\"Energy\",\"Messe\",\"Photovoltaik\",\"Solar\",\"Speicher\",\"Umwelt\"],\"articleSection\":[\"Environment\",\"Klassische Pressearbeit\",\"Pressemeldungen\"],\"inLanguage\":\"en-US\"},{\"@type\":\"WebPage\",\"@id\":\"https:\\\/\\\/althallercommunication.de\\\/tauber-solar-energieloesungen-e-world-2026\\\/\",\"url\":\"https:\\\/\\\/althallercommunication.de\\\/tauber-solar-energieloesungen-e-world-2026\\\/\",\"name\":\"Tauber-Solar: Energiel\u00f6sungen E-World 2026\",\"isPartOf\":{\"@id\":\"https:\\\/\\\/althallercommunication.de\\\/#website\"},\"primaryImageOfPage\":{\"@id\":\"https:\\\/\\\/althallercommunication.de\\\/tauber-solar-energieloesungen-e-world-2026\\\/#primaryimage\"},\"image\":{\"@id\":\"https:\\\/\\\/althallercommunication.de\\\/tauber-solar-energieloesungen-e-world-2026\\\/#primaryimage\"},\"thumbnailUrl\":\"https:\\\/\\\/althallercommunication.de\\\/wp-content\\\/uploads\\\/2025\\\/04\\\/Arne-Weinig_Tauber-Energy_Foto.jpg\",\"datePublished\":\"2025-12-11T08:15:02+00:00\",\"dateModified\":\"2025-12-11T08:16:42+00:00\",\"description\":\"Tauber-Solar Gruppe auf der E-World 2026: Solarparks, Gro\u00dfspeicher und PV-L\u00f6sungen f\u00fcr Gewerbe und Industrie aus einer Hand.\",\"breadcrumb\":{\"@id\":\"https:\\\/\\\/althallercommunication.de\\\/tauber-solar-energieloesungen-e-world-2026\\\/#breadcrumb\"},\"inLanguage\":\"en-US\",\"potentialAction\":[{\"@type\":\"ReadAction\",\"target\":[\"https:\\\/\\\/althallercommunication.de\\\/tauber-solar-energieloesungen-e-world-2026\\\/\"]}]},{\"@type\":\"ImageObject\",\"inLanguage\":\"en-US\",\"@id\":\"https:\\\/\\\/althallercommunication.de\\\/tauber-solar-energieloesungen-e-world-2026\\\/#primaryimage\",\"url\":\"https:\\\/\\\/althallercommunication.de\\\/wp-content\\\/uploads\\\/2025\\\/04\\\/Arne-Weinig_Tauber-Energy_Foto.jpg\",\"contentUrl\":\"https:\\\/\\\/althallercommunication.de\\\/wp-content\\\/uploads\\\/2025\\\/04\\\/Arne-Weinig_Tauber-Energy_Foto.jpg\",\"width\":1440,\"height\":1920},{\"@type\":\"BreadcrumbList\",\"@id\":\"https:\\\/\\\/althallercommunication.de\\\/tauber-solar-energieloesungen-e-world-2026\\\/#breadcrumb\",\"itemListElement\":[{\"@type\":\"ListItem\",\"position\":1,\"name\":\"Startseite\",\"item\":\"https:\\\/\\\/althallercommunication.de\\\/en\\\/\"},{\"@type\":\"ListItem\",\"position\":2,\"name\":\"Tauber-Solar Gruppe: Ganzheitliche Energiel\u00f6sungen f\u00fcr Industrie und Gro\u00dfprojekte \u2013 E-World 2026\"}]},{\"@type\":\"WebSite\",\"@id\":\"https:\\\/\\\/althallercommunication.de\\\/#website\",\"url\":\"https:\\\/\\\/althallercommunication.de\\\/\",\"name\":\"althaller communication\",\"description\":\"Martkommunikation B2B\",\"publisher\":{\"@id\":\"https:\\\/\\\/althallercommunication.de\\\/#organization\"},\"potentialAction\":[{\"@type\":\"SearchAction\",\"target\":{\"@type\":\"EntryPoint\",\"urlTemplate\":\"https:\\\/\\\/althallercommunication.de\\\/?s={search_term_string}\"},\"query-input\":{\"@type\":\"PropertyValueSpecification\",\"valueRequired\":true,\"valueName\":\"search_term_string\"}}],\"inLanguage\":\"en-US\"},{\"@type\":\"Organization\",\"@id\":\"https:\\\/\\\/althallercommunication.de\\\/#organization\",\"name\":\"ALTHALLER communication\",\"url\":\"https:\\\/\\\/althallercommunication.de\\\/\",\"logo\":{\"@type\":\"ImageObject\",\"inLanguage\":\"en-US\",\"@id\":\"https:\\\/\\\/althallercommunication.de\\\/#\\\/schema\\\/logo\\\/image\\\/\",\"url\":\"https:\\\/\\\/althallercommunication.de\\\/wp-content\\\/uploads\\\/2023\\\/12\\\/althaller_comm_b.png\",\"contentUrl\":\"https:\\\/\\\/althallercommunication.de\\\/wp-content\\\/uploads\\\/2023\\\/12\\\/althaller_comm_b.png\",\"width\":464,\"height\":110,\"caption\":\"ALTHALLER communication\"},\"image\":{\"@id\":\"https:\\\/\\\/althallercommunication.de\\\/#\\\/schema\\\/logo\\\/image\\\/\"},\"sameAs\":[\"https:\\\/\\\/www.facebook.com\\\/althallercommunication\",\"https:\\\/\\\/x.com\\\/ALTHALLERcom\",\"https:\\\/\\\/www.linkedin.com\\\/company\\\/3332596?trk=tyah&amp;amp;amp;trkInfo=tas:COMMUNICATION Presse und PR,idx:1-1-1\"]},{\"@type\":\"Person\",\"@id\":\"https:\\\/\\\/althallercommunication.de\\\/#\\\/schema\\\/person\\\/4ca72b5e8d0bebc1f9b3061e463e32ee\",\"name\":\"Jacqueline Althaller\",\"image\":{\"@type\":\"ImageObject\",\"inLanguage\":\"en-US\",\"@id\":\"https:\\\/\\\/secure.gravatar.com\\\/avatar\\\/2e8cdf7784b763130efe210406ba46634d04913cf12c46cf98b2799d6da47211?s=96&d=mm&r=g\",\"url\":\"https:\\\/\\\/secure.gravatar.com\\\/avatar\\\/2e8cdf7784b763130efe210406ba46634d04913cf12c46cf98b2799d6da47211?s=96&d=mm&r=g\",\"contentUrl\":\"https:\\\/\\\/secure.gravatar.com\\\/avatar\\\/2e8cdf7784b763130efe210406ba46634d04913cf12c46cf98b2799d6da47211?s=96&d=mm&r=g\",\"caption\":\"Jacqueline Althaller\"},\"description\":\"$$$2021hmb8hzb4MD\",\"url\":\"https:\\\/\\\/althallercommunication.de\\\/en\\\/author\\\/jacqueline-althaller\\\/\"}]}<\/script>\n<!-- \/ Yoast SEO Premium plugin. -->","yoast_head_json":{"title":"Tauber-Solar: Energiel\u00f6sungen E-World 2026","description":"Tauber-Solar Gruppe auf der E-World 2026: Solarparks, Gro\u00dfspeicher und PV-L\u00f6sungen f\u00fcr Gewerbe und Industrie aus einer Hand.","robots":{"index":"index","follow":"follow","max-snippet":"max-snippet:-1","max-image-preview":"max-image-preview:large","max-video-preview":"max-video-preview:-1"},"canonical":"https:\/\/althallercommunication.de\/tauber-solar-energieloesungen-e-world-2026\/","og_locale":"en_US","og_type":"article","og_title":"Tauber-Solar Gruppe: Ganzheitliche Energiel\u00f6sungen f\u00fcr Industrie und Gro\u00dfprojekte \u2013 E-World 2026","og_description":"Tauber-Solar Gruppe auf der E-World 2026: Solarparks, Gro\u00dfspeicher und PV-L\u00f6sungen f\u00fcr Gewerbe und Industrie aus einer Hand.","og_url":"https:\/\/althallercommunication.de\/tauber-solar-energieloesungen-e-world-2026\/","og_site_name":"althaller communication","article_publisher":"https:\/\/www.facebook.com\/althallercommunication","article_published_time":"2025-12-11T08:15:02+00:00","article_modified_time":"2025-12-11T08:16:42+00:00","og_image":[{"width":1440,"height":1920,"url":"https:\/\/althallercommunication.de\/wp-content\/uploads\/2025\/04\/Arne-Weinig_Tauber-Energy_Foto.jpg","type":"image\/jpeg"}],"author":"Jacqueline Althaller","twitter_card":"summary_large_image","twitter_creator":"@ALTHALLERcom","twitter_site":"@ALTHALLERcom","twitter_misc":{"Written by":"Jacqueline Althaller","Est. reading time":"3 minutes"},"schema":{"@context":"https:\/\/schema.org","@graph":[{"@type":"Article","@id":"https:\/\/althallercommunication.de\/tauber-solar-energieloesungen-e-world-2026\/#article","isPartOf":{"@id":"https:\/\/althallercommunication.de\/tauber-solar-energieloesungen-e-world-2026\/"},"author":{"name":"Jacqueline Althaller","@id":"https:\/\/althallercommunication.de\/#\/schema\/person\/4ca72b5e8d0bebc1f9b3061e463e32ee"},"headline":"Tauber-Solar Gruppe: Ganzheitliche Energiel\u00f6sungen f\u00fcr Industrie und Gro\u00dfprojekte \u2013 E-World 2026","datePublished":"2025-12-11T08:15:02+00:00","dateModified":"2025-12-11T08:16:42+00:00","mainEntityOfPage":{"@id":"https:\/\/althallercommunication.de\/tauber-solar-energieloesungen-e-world-2026\/"},"wordCount":537,"publisher":{"@id":"https:\/\/althallercommunication.de\/#organization"},"image":{"@id":"https:\/\/althallercommunication.de\/tauber-solar-energieloesungen-e-world-2026\/#primaryimage"},"thumbnailUrl":"https:\/\/althallercommunication.de\/wp-content\/uploads\/2025\/04\/Arne-Weinig_Tauber-Energy_Foto.jpg","keywords":["Batteriespeicher","E-World","Energy","Messe","Photovoltaik","Solar","Speicher","Umwelt"],"articleSection":["Environment","Klassische Pressearbeit","Pressemeldungen"],"inLanguage":"en-US"},{"@type":"WebPage","@id":"https:\/\/althallercommunication.de\/tauber-solar-energieloesungen-e-world-2026\/","url":"https:\/\/althallercommunication.de\/tauber-solar-energieloesungen-e-world-2026\/","name":"Tauber-Solar: Energiel\u00f6sungen E-World 2026","isPartOf":{"@id":"https:\/\/althallercommunication.de\/#website"},"primaryImageOfPage":{"@id":"https:\/\/althallercommunication.de\/tauber-solar-energieloesungen-e-world-2026\/#primaryimage"},"image":{"@id":"https:\/\/althallercommunication.de\/tauber-solar-energieloesungen-e-world-2026\/#primaryimage"},"thumbnailUrl":"https:\/\/althallercommunication.de\/wp-content\/uploads\/2025\/04\/Arne-Weinig_Tauber-Energy_Foto.jpg","datePublished":"2025-12-11T08:15:02+00:00","dateModified":"2025-12-11T08:16:42+00:00","description":"Tauber-Solar Gruppe auf der E-World 2026: Solarparks, Gro\u00dfspeicher und PV-L\u00f6sungen f\u00fcr Gewerbe und Industrie aus einer Hand.","breadcrumb":{"@id":"https:\/\/althallercommunication.de\/tauber-solar-energieloesungen-e-world-2026\/#breadcrumb"},"inLanguage":"en-US","potentialAction":[{"@type":"ReadAction","target":["https:\/\/althallercommunication.de\/tauber-solar-energieloesungen-e-world-2026\/"]}]},{"@type":"ImageObject","inLanguage":"en-US","@id":"https:\/\/althallercommunication.de\/tauber-solar-energieloesungen-e-world-2026\/#primaryimage","url":"https:\/\/althallercommunication.de\/wp-content\/uploads\/2025\/04\/Arne-Weinig_Tauber-Energy_Foto.jpg","contentUrl":"https:\/\/althallercommunication.de\/wp-content\/uploads\/2025\/04\/Arne-Weinig_Tauber-Energy_Foto.jpg","width":1440,"height":1920},{"@type":"BreadcrumbList","@id":"https:\/\/althallercommunication.de\/tauber-solar-energieloesungen-e-world-2026\/#breadcrumb","itemListElement":[{"@type":"ListItem","position":1,"name":"Startseite","item":"https:\/\/althallercommunication.de\/en\/"},{"@type":"ListItem","position":2,"name":"Tauber-Solar Gruppe: Ganzheitliche Energiel\u00f6sungen f\u00fcr Industrie und Gro\u00dfprojekte \u2013 E-World 2026"}]},{"@type":"WebSite","@id":"https:\/\/althallercommunication.de\/#website","url":"https:\/\/althallercommunication.de\/","name":"althaller communication","description":"Martkommunikation B2B","publisher":{"@id":"https:\/\/althallercommunication.de\/#organization"},"potentialAction":[{"@type":"SearchAction","target":{"@type":"EntryPoint","urlTemplate":"https:\/\/althallercommunication.de\/?s={search_term_string}"},"query-input":{"@type":"PropertyValueSpecification","valueRequired":true,"valueName":"search_term_string"}}],"inLanguage":"en-US"},{"@type":"Organization","@id":"https:\/\/althallercommunication.de\/#organization","name":"ALTHALLER communication","url":"https:\/\/althallercommunication.de\/","logo":{"@type":"ImageObject","inLanguage":"en-US","@id":"https:\/\/althallercommunication.de\/#\/schema\/logo\/image\/","url":"https:\/\/althallercommunication.de\/wp-content\/uploads\/2023\/12\/althaller_comm_b.png","contentUrl":"https:\/\/althallercommunication.de\/wp-content\/uploads\/2023\/12\/althaller_comm_b.png","width":464,"height":110,"caption":"ALTHALLER communication"},"image":{"@id":"https:\/\/althallercommunication.de\/#\/schema\/logo\/image\/"},"sameAs":["https:\/\/www.facebook.com\/althallercommunication","https:\/\/x.com\/ALTHALLERcom","https:\/\/www.linkedin.com\/company\/3332596?trk=tyah&amp;amp;amp;trkInfo=tas:COMMUNICATION Presse und PR,idx:1-1-1"]},{"@type":"Person","@id":"https:\/\/althallercommunication.de\/#\/schema\/person\/4ca72b5e8d0bebc1f9b3061e463e32ee","name":"Jacqueline Althaller","image":{"@type":"ImageObject","inLanguage":"en-US","@id":"https:\/\/secure.gravatar.com\/avatar\/2e8cdf7784b763130efe210406ba46634d04913cf12c46cf98b2799d6da47211?s=96&d=mm&r=g","url":"https:\/\/secure.gravatar.com\/avatar\/2e8cdf7784b763130efe210406ba46634d04913cf12c46cf98b2799d6da47211?s=96&d=mm&r=g","contentUrl":"https:\/\/secure.gravatar.com\/avatar\/2e8cdf7784b763130efe210406ba46634d04913cf12c46cf98b2799d6da47211?s=96&d=mm&r=g","caption":"Jacqueline Althaller"},"description":"$$$2021hmb8hzb4MD","url":"https:\/\/althallercommunication.de\/en\/author\/jacqueline-althaller\/"}]}},"_links":{"self":[{"href":"https:\/\/althallercommunication.de\/en\/wp-json\/wp\/v2\/posts\/33234","targetHints":{"allow":["GET"]}}],"collection":[{"href":"https:\/\/althallercommunication.de\/en\/wp-json\/wp\/v2\/posts"}],"about":[{"href":"https:\/\/althallercommunication.de\/en\/wp-json\/wp\/v2\/types\/post"}],"author":[{"embeddable":true,"href":"https:\/\/althallercommunication.de\/en\/wp-json\/wp\/v2\/users\/6"}],"replies":[{"embeddable":true,"href":"https:\/\/althallercommunication.de\/en\/wp-json\/wp\/v2\/comments?post=33234"}],"version-history":[{"count":10,"href":"https:\/\/althallercommunication.de\/en\/wp-json\/wp\/v2\/posts\/33234\/revisions"}],"predecessor-version":[{"id":33250,"href":"https:\/\/althallercommunication.de\/en\/wp-json\/wp\/v2\/posts\/33234\/revisions\/33250"}],"wp:featuredmedia":[{"embeddable":true,"href":"https:\/\/althallercommunication.de\/en\/wp-json\/wp\/v2\/media\/32724"}],"wp:attachment":[{"href":"https:\/\/althallercommunication.de\/en\/wp-json\/wp\/v2\/media?parent=33234"}],"wp:term":[{"taxonomy":"category","embeddable":true,"href":"https:\/\/althallercommunication.de\/en\/wp-json\/wp\/v2\/categories?post=33234"},{"taxonomy":"post_tag","embeddable":true,"href":"https:\/\/althallercommunication.de\/en\/wp-json\/wp\/v2\/tags?post=33234"}],"curies":[{"name":"wp","href":"https:\/\/api.w.org\/{rel}","templated":true}]}}