{"id":5164,"date":"2016-03-31T16:01:17","date_gmt":"2016-03-31T16:01:17","guid":{"rendered":"http:\/\/communicationmunich.de\/?p=5164"},"modified":"2023-12-14T13:52:44","modified_gmt":"2023-12-14T12:52:44","slug":"die-zukunft-der-public-relations","status":"publish","type":"post","link":"https:\/\/althallercommunication.de\/en\/die-zukunft-der-public-relations\/","title":{"rendered":"Wo liegt die Zukunft der Public Relations?"},"content":{"rendered":"<h4>Warum sollte man sich nach 30 Jahren aktiver und erfolgreicher Public Relations davon verabschieden?<\/h4>\n<p>Ganz einfach! Um nicht auf der Strecke zu bleiben. PR liegt in einer klar umrissenen Schublade, hat als Aufgabenfeld ebenso klare Dimensionen und Parameter. Und nat\u00fcrlich Vor- und Nachteile in der Betrachtung. Public Relations ist doch nur das Schreiben von Pressemitteilungen und der Umgang, das Verh\u00e4ltnis mit und zu Medien und Journalisten. Zumindest herrscht diese Meinung fast schon \u00fcberm\u00e4chtig vor. Dabei schr\u00e4nkt sie nicht nur massiv ein, sie ist vielmehr nicht mehr zeitgem\u00e4\u00df, will man sich erfolgreich in der neuen, digitalen Kommunikation verankern.<\/p>\n<p>[Tweet &#8220;Wer denkt, PR-Agenturen w\u00fcrden nur Pressemitteilungen schreiben, liegt v\u00f6llig falsch&#8221;]<\/p>\n<p>Warum ist das so? Als reine PR Agentur nimmt man an kreativen Pitches nicht mehr teil, wird nicht dazu eingeladen, sondern verbleibt in einer immer unattraktiveren Ecke eines sich verschiebenden Kommunikations- und Kreativt\u00e4tskosmos. Mit neuen Spielregeln, neuen Playern auf allen Seiten, neuen Ritualen, Umgangsformen und Kommunikationskulturen. Auch verschieben sich die Budget- und Etateigent\u00fcmer in den Unternehmen. Die Pitches, die an PR Agenturen vorbei laufen, nehmen nicht nur t\u00e4glich zu, sie pr\u00e4gen die Landschaft und treiben im Ergebnis die neue Kommunikationskultur. Und das rund um den Globus. Die einen sind fr\u00fcher dabei, weil sie\u00b4s fr\u00fchzeitig erkannt haben. Andere folgen sp\u00e4ter, weil sie es gerade noch erkannt haben und andere bleiben eben auf der Strecke, weil sie es nicht erkennen.<\/p>\n<p>[Tweet &#8220;Wer Trends nicht erkennt, bleibt auf der Strecke. Wo liegt die Zukunft der PR?&#8221;]<\/p>\n<p>Und auf einmal wird das Public Relations-Thema, das einst eine satte Wiese f\u00fcr fast jeden war, zu einer D\u00fcrre mit katastrophalen Folgen. Und auch wenn man als PR Agentur mit sehr kreativen Ideen beim Kunden ankommt, werden diese Ideen nur allzu oft an Werbe- oder sogenannte Kreativagenturen zur Umsetzung gegeben, weil der Kunde meint, als PR Agentur habe man das ja nie gemacht, h\u00e4tte keine Erfahrung und schon gar nicht die Umsetzungsf\u00e4higkeit, selbst schon am eigenen Leib erfahren.<\/p>\n<h4>Kompetenzen b\u00fcndeln und gemeinsam wachsen<\/h4>\n<p>Unternehmen neigen dazu, Agenturen in bekannte Schubladen zu stecken, die meist gegeneinander sich zu positionieren versuchten, nicht aber cross-disziplin\u00e4r gemeinsam agierten. Nach der eindeutigen Machtverteilung in der Budget-Herrschaft in Richtung Marketing und Vertrieb ist es unabdingbar, diese Schubladen zu verlassen. PR-Agenturen m\u00fcssen das\u00a0 Silodenken aufgeben und eine cross-disziplin\u00e4re, cross-mediale Synergie finden, die auf traditionellen F\u00e4higkeiten aufbauend, gepaart mit neuen kommunikativen F\u00e4higkeiten, zukunftsf\u00e4higen Kommunikationsverst\u00e4ndnis und \u2013tools den Erwartungshaltungen, Anspr\u00fcchen eines neuen Kommunikationskosmos Rechnung tragen kann. Und das hei\u00dft vor allem \u00d6ffnung der Digitalen Welt, f\u00fcr viele ein Eintritt in Welten, die sie vorher nie gesehen haben. Und dann hat man die Voraussetzung f\u00fcr ein erfolgreiches Beamen.<\/p>\n<p>&nbsp;<\/p>\n<p>&nbsp;<\/p>\n<p>Von\u00a0<a href=\"http:\/\/www.hfn.de\/team\/\">Fritz Nollert<\/a><\/p>\n<p>&nbsp;<\/p>\n","protected":false},"excerpt":{"rendered":"<p>Warum sollte man sich nach 30 Jahren aktiver und erfolgreicher Public Relations davon verabschieden? Ganz einfach! Um nicht auf der Strecke zu bleiben. PR liegt in einer klar umrissenen Schublade, hat als Aufgabenfeld ebenso klare Dimensionen und Parameter. Und nat\u00fcrlich Vor- und Nachteile in der Betrachtung. Public Relations ist doch nur das Schreiben von Pressemitteilungen [&hellip;]<\/p>\n","protected":false},"author":6,"featured_media":0,"comment_status":"closed","ping_status":"open","sticky":false,"template":"","format":"standard","meta":{"_et_pb_use_builder":"","_et_pb_old_content":"","_et_gb_content_width":"","inline_featured_image":false,"footnotes":""},"categories":[2827],"tags":[62,75,71],"class_list":["post-5164","post","type-post","status-publish","format-standard","hentry","category-cultundcomm","tag-b2b","tag-byod","tag-social-media"],"yoast_head":"<!-- This site is optimized with the Yoast SEO Premium plugin v25.3 (Yoast SEO v27.5) - https:\/\/yoast.com\/product\/yoast-seo-premium-wordpress\/ -->\n<title>Die Zukunft der Public Relations erfolgreich gestalten.<\/title>\n<meta name=\"description\" content=\"Die Medienlandschaft \u00e4ndert sich. Wie l\u00e4sst sich die Zukunft der Public Relations trotzdem erfolgreich gestalten? PR Agenturen haben es selbst in der Hand\" \/>\n<meta name=\"robots\" content=\"index, follow, max-snippet:-1, max-image-preview:large, max-video-preview:-1\" \/>\n<link rel=\"canonical\" href=\"https:\/\/althallercommunication.de\/die-zukunft-der-public-relations\/\" \/>\n<meta property=\"og:locale\" content=\"en_US\" \/>\n<meta property=\"og:type\" content=\"article\" \/>\n<meta property=\"og:title\" content=\"Wo liegt die Zukunft der Public Relations?\" \/>\n<meta property=\"og:description\" content=\"Die Medienlandschaft \u00e4ndert sich. Wie l\u00e4sst sich die Zukunft der Public Relations trotzdem erfolgreich gestalten? PR Agenturen haben es selbst in der Hand\" \/>\n<meta property=\"og:url\" content=\"https:\/\/althallercommunication.de\/die-zukunft-der-public-relations\/\" \/>\n<meta property=\"og:site_name\" content=\"althaller communication\" \/>\n<meta property=\"article:publisher\" content=\"https:\/\/www.facebook.com\/althallercommunication\" \/>\n<meta property=\"article:published_time\" content=\"2016-03-31T16:01:17+00:00\" \/>\n<meta property=\"article:modified_time\" content=\"2023-12-14T12:52:44+00:00\" \/>\n<meta property=\"og:image\" content=\"https:\/\/althallercommunication.de\/wp-content\/uploads\/2016\/03\/Fernglas_klein-1.jpg\" \/>\n\t<meta property=\"og:image:width\" content=\"1920\" \/>\n\t<meta property=\"og:image:height\" content=\"1280\" \/>\n\t<meta property=\"og:image:type\" content=\"image\/jpeg\" \/>\n<meta name=\"author\" content=\"Jacqueline Althaller\" \/>\n<meta name=\"twitter:card\" content=\"summary_large_image\" \/>\n<meta name=\"twitter:creator\" content=\"@ALTHALLERcom\" \/>\n<meta name=\"twitter:site\" content=\"@ALTHALLERcom\" \/>\n<meta name=\"twitter:label1\" content=\"Written by\" \/>\n\t<meta name=\"twitter:data1\" content=\"Jacqueline Althaller\" \/>\n\t<meta name=\"twitter:label2\" content=\"Est. reading time\" \/>\n\t<meta name=\"twitter:data2\" content=\"2 minutes\" \/>\n<script type=\"application\/ld+json\" class=\"yoast-schema-graph\">{\"@context\":\"https:\\\/\\\/schema.org\",\"@graph\":[{\"@type\":\"Article\",\"@id\":\"https:\\\/\\\/althallercommunication.de\\\/die-zukunft-der-public-relations\\\/#article\",\"isPartOf\":{\"@id\":\"https:\\\/\\\/althallercommunication.de\\\/die-zukunft-der-public-relations\\\/\"},\"author\":{\"name\":\"Jacqueline Althaller\",\"@id\":\"https:\\\/\\\/althallercommunication.de\\\/#\\\/schema\\\/person\\\/4ca72b5e8d0bebc1f9b3061e463e32ee\"},\"headline\":\"Wo liegt die Zukunft der Public Relations?\",\"datePublished\":\"2016-03-31T16:01:17+00:00\",\"dateModified\":\"2023-12-14T12:52:44+00:00\",\"mainEntityOfPage\":{\"@id\":\"https:\\\/\\\/althallercommunication.de\\\/die-zukunft-der-public-relations\\\/\"},\"wordCount\":471,\"publisher\":{\"@id\":\"https:\\\/\\\/althallercommunication.de\\\/#organization\"},\"keywords\":[\"B2B\",\"BYOD\",\"Social Media\"],\"articleSection\":[\"cultundcomm\"],\"inLanguage\":\"en-US\"},{\"@type\":\"WebPage\",\"@id\":\"https:\\\/\\\/althallercommunication.de\\\/die-zukunft-der-public-relations\\\/\",\"url\":\"https:\\\/\\\/althallercommunication.de\\\/die-zukunft-der-public-relations\\\/\",\"name\":\"Die Zukunft der Public Relations erfolgreich gestalten.\",\"isPartOf\":{\"@id\":\"https:\\\/\\\/althallercommunication.de\\\/#website\"},\"datePublished\":\"2016-03-31T16:01:17+00:00\",\"dateModified\":\"2023-12-14T12:52:44+00:00\",\"description\":\"Die Medienlandschaft \u00e4ndert sich. Wie l\u00e4sst sich die Zukunft der Public Relations trotzdem erfolgreich gestalten? PR Agenturen haben es selbst in der Hand\",\"breadcrumb\":{\"@id\":\"https:\\\/\\\/althallercommunication.de\\\/die-zukunft-der-public-relations\\\/#breadcrumb\"},\"inLanguage\":\"en-US\",\"potentialAction\":[{\"@type\":\"ReadAction\",\"target\":[\"https:\\\/\\\/althallercommunication.de\\\/die-zukunft-der-public-relations\\\/\"]}]},{\"@type\":\"BreadcrumbList\",\"@id\":\"https:\\\/\\\/althallercommunication.de\\\/die-zukunft-der-public-relations\\\/#breadcrumb\",\"itemListElement\":[{\"@type\":\"ListItem\",\"position\":1,\"name\":\"Startseite\",\"item\":\"https:\\\/\\\/althallercommunication.de\\\/en\\\/\"},{\"@type\":\"ListItem\",\"position\":2,\"name\":\"Wo liegt die Zukunft der Public Relations?\"}]},{\"@type\":\"WebSite\",\"@id\":\"https:\\\/\\\/althallercommunication.de\\\/#website\",\"url\":\"https:\\\/\\\/althallercommunication.de\\\/\",\"name\":\"althaller communication\",\"description\":\"Martkommunikation B2B\",\"publisher\":{\"@id\":\"https:\\\/\\\/althallercommunication.de\\\/#organization\"},\"potentialAction\":[{\"@type\":\"SearchAction\",\"target\":{\"@type\":\"EntryPoint\",\"urlTemplate\":\"https:\\\/\\\/althallercommunication.de\\\/?s={search_term_string}\"},\"query-input\":{\"@type\":\"PropertyValueSpecification\",\"valueRequired\":true,\"valueName\":\"search_term_string\"}}],\"inLanguage\":\"en-US\"},{\"@type\":\"Organization\",\"@id\":\"https:\\\/\\\/althallercommunication.de\\\/#organization\",\"name\":\"ALTHALLER communication\",\"url\":\"https:\\\/\\\/althallercommunication.de\\\/\",\"logo\":{\"@type\":\"ImageObject\",\"inLanguage\":\"en-US\",\"@id\":\"https:\\\/\\\/althallercommunication.de\\\/#\\\/schema\\\/logo\\\/image\\\/\",\"url\":\"https:\\\/\\\/althallercommunication.de\\\/wp-content\\\/uploads\\\/2023\\\/12\\\/althaller_comm_b.png\",\"contentUrl\":\"https:\\\/\\\/althallercommunication.de\\\/wp-content\\\/uploads\\\/2023\\\/12\\\/althaller_comm_b.png\",\"width\":464,\"height\":110,\"caption\":\"ALTHALLER communication\"},\"image\":{\"@id\":\"https:\\\/\\\/althallercommunication.de\\\/#\\\/schema\\\/logo\\\/image\\\/\"},\"sameAs\":[\"https:\\\/\\\/www.facebook.com\\\/althallercommunication\",\"https:\\\/\\\/x.com\\\/ALTHALLERcom\",\"https:\\\/\\\/www.linkedin.com\\\/company\\\/3332596?trk=tyah&amp;amp;amp;trkInfo=tas:COMMUNICATION Presse und PR,idx:1-1-1\"]},{\"@type\":\"Person\",\"@id\":\"https:\\\/\\\/althallercommunication.de\\\/#\\\/schema\\\/person\\\/4ca72b5e8d0bebc1f9b3061e463e32ee\",\"name\":\"Jacqueline Althaller\",\"image\":{\"@type\":\"ImageObject\",\"inLanguage\":\"en-US\",\"@id\":\"https:\\\/\\\/secure.gravatar.com\\\/avatar\\\/2e8cdf7784b763130efe210406ba46634d04913cf12c46cf98b2799d6da47211?s=96&d=mm&r=g\",\"url\":\"https:\\\/\\\/secure.gravatar.com\\\/avatar\\\/2e8cdf7784b763130efe210406ba46634d04913cf12c46cf98b2799d6da47211?s=96&d=mm&r=g\",\"contentUrl\":\"https:\\\/\\\/secure.gravatar.com\\\/avatar\\\/2e8cdf7784b763130efe210406ba46634d04913cf12c46cf98b2799d6da47211?s=96&d=mm&r=g\",\"caption\":\"Jacqueline Althaller\"},\"description\":\"$$$2021hmb8hzb4MD\",\"url\":\"https:\\\/\\\/althallercommunication.de\\\/en\\\/author\\\/jacqueline-althaller\\\/\"}]}<\/script>\n<!-- \/ Yoast SEO Premium plugin. -->","yoast_head_json":{"title":"Die Zukunft der Public Relations erfolgreich gestalten.","description":"Die Medienlandschaft \u00e4ndert sich. Wie l\u00e4sst sich die Zukunft der Public Relations trotzdem erfolgreich gestalten? PR Agenturen haben es selbst in der Hand","robots":{"index":"index","follow":"follow","max-snippet":"max-snippet:-1","max-image-preview":"max-image-preview:large","max-video-preview":"max-video-preview:-1"},"canonical":"https:\/\/althallercommunication.de\/die-zukunft-der-public-relations\/","og_locale":"en_US","og_type":"article","og_title":"Wo liegt die Zukunft der Public Relations?","og_description":"Die Medienlandschaft \u00e4ndert sich. Wie l\u00e4sst sich die Zukunft der Public Relations trotzdem erfolgreich gestalten? PR Agenturen haben es selbst in der Hand","og_url":"https:\/\/althallercommunication.de\/die-zukunft-der-public-relations\/","og_site_name":"althaller communication","article_publisher":"https:\/\/www.facebook.com\/althallercommunication","article_published_time":"2016-03-31T16:01:17+00:00","article_modified_time":"2023-12-14T12:52:44+00:00","og_image":[{"width":1920,"height":1280,"url":"https:\/\/althallercommunication.de\/wp-content\/uploads\/2016\/03\/Fernglas_klein-1.jpg","type":"image\/jpeg"}],"author":"Jacqueline Althaller","twitter_card":"summary_large_image","twitter_creator":"@ALTHALLERcom","twitter_site":"@ALTHALLERcom","twitter_misc":{"Written by":"Jacqueline Althaller","Est. reading time":"2 minutes"},"schema":{"@context":"https:\/\/schema.org","@graph":[{"@type":"Article","@id":"https:\/\/althallercommunication.de\/die-zukunft-der-public-relations\/#article","isPartOf":{"@id":"https:\/\/althallercommunication.de\/die-zukunft-der-public-relations\/"},"author":{"name":"Jacqueline Althaller","@id":"https:\/\/althallercommunication.de\/#\/schema\/person\/4ca72b5e8d0bebc1f9b3061e463e32ee"},"headline":"Wo liegt die Zukunft der Public Relations?","datePublished":"2016-03-31T16:01:17+00:00","dateModified":"2023-12-14T12:52:44+00:00","mainEntityOfPage":{"@id":"https:\/\/althallercommunication.de\/die-zukunft-der-public-relations\/"},"wordCount":471,"publisher":{"@id":"https:\/\/althallercommunication.de\/#organization"},"keywords":["B2B","BYOD","Social Media"],"articleSection":["cultundcomm"],"inLanguage":"en-US"},{"@type":"WebPage","@id":"https:\/\/althallercommunication.de\/die-zukunft-der-public-relations\/","url":"https:\/\/althallercommunication.de\/die-zukunft-der-public-relations\/","name":"Die Zukunft der Public Relations erfolgreich gestalten.","isPartOf":{"@id":"https:\/\/althallercommunication.de\/#website"},"datePublished":"2016-03-31T16:01:17+00:00","dateModified":"2023-12-14T12:52:44+00:00","description":"Die Medienlandschaft \u00e4ndert sich. Wie l\u00e4sst sich die Zukunft der Public Relations trotzdem erfolgreich gestalten? PR Agenturen haben es selbst in der Hand","breadcrumb":{"@id":"https:\/\/althallercommunication.de\/die-zukunft-der-public-relations\/#breadcrumb"},"inLanguage":"en-US","potentialAction":[{"@type":"ReadAction","target":["https:\/\/althallercommunication.de\/die-zukunft-der-public-relations\/"]}]},{"@type":"BreadcrumbList","@id":"https:\/\/althallercommunication.de\/die-zukunft-der-public-relations\/#breadcrumb","itemListElement":[{"@type":"ListItem","position":1,"name":"Startseite","item":"https:\/\/althallercommunication.de\/en\/"},{"@type":"ListItem","position":2,"name":"Wo liegt die Zukunft der Public Relations?"}]},{"@type":"WebSite","@id":"https:\/\/althallercommunication.de\/#website","url":"https:\/\/althallercommunication.de\/","name":"althaller communication","description":"Martkommunikation B2B","publisher":{"@id":"https:\/\/althallercommunication.de\/#organization"},"potentialAction":[{"@type":"SearchAction","target":{"@type":"EntryPoint","urlTemplate":"https:\/\/althallercommunication.de\/?s={search_term_string}"},"query-input":{"@type":"PropertyValueSpecification","valueRequired":true,"valueName":"search_term_string"}}],"inLanguage":"en-US"},{"@type":"Organization","@id":"https:\/\/althallercommunication.de\/#organization","name":"ALTHALLER communication","url":"https:\/\/althallercommunication.de\/","logo":{"@type":"ImageObject","inLanguage":"en-US","@id":"https:\/\/althallercommunication.de\/#\/schema\/logo\/image\/","url":"https:\/\/althallercommunication.de\/wp-content\/uploads\/2023\/12\/althaller_comm_b.png","contentUrl":"https:\/\/althallercommunication.de\/wp-content\/uploads\/2023\/12\/althaller_comm_b.png","width":464,"height":110,"caption":"ALTHALLER communication"},"image":{"@id":"https:\/\/althallercommunication.de\/#\/schema\/logo\/image\/"},"sameAs":["https:\/\/www.facebook.com\/althallercommunication","https:\/\/x.com\/ALTHALLERcom","https:\/\/www.linkedin.com\/company\/3332596?trk=tyah&amp;amp;amp;trkInfo=tas:COMMUNICATION Presse und PR,idx:1-1-1"]},{"@type":"Person","@id":"https:\/\/althallercommunication.de\/#\/schema\/person\/4ca72b5e8d0bebc1f9b3061e463e32ee","name":"Jacqueline Althaller","image":{"@type":"ImageObject","inLanguage":"en-US","@id":"https:\/\/secure.gravatar.com\/avatar\/2e8cdf7784b763130efe210406ba46634d04913cf12c46cf98b2799d6da47211?s=96&d=mm&r=g","url":"https:\/\/secure.gravatar.com\/avatar\/2e8cdf7784b763130efe210406ba46634d04913cf12c46cf98b2799d6da47211?s=96&d=mm&r=g","contentUrl":"https:\/\/secure.gravatar.com\/avatar\/2e8cdf7784b763130efe210406ba46634d04913cf12c46cf98b2799d6da47211?s=96&d=mm&r=g","caption":"Jacqueline Althaller"},"description":"$$$2021hmb8hzb4MD","url":"https:\/\/althallercommunication.de\/en\/author\/jacqueline-althaller\/"}]}},"_links":{"self":[{"href":"https:\/\/althallercommunication.de\/en\/wp-json\/wp\/v2\/posts\/5164","targetHints":{"allow":["GET"]}}],"collection":[{"href":"https:\/\/althallercommunication.de\/en\/wp-json\/wp\/v2\/posts"}],"about":[{"href":"https:\/\/althallercommunication.de\/en\/wp-json\/wp\/v2\/types\/post"}],"author":[{"embeddable":true,"href":"https:\/\/althallercommunication.de\/en\/wp-json\/wp\/v2\/users\/6"}],"replies":[{"embeddable":true,"href":"https:\/\/althallercommunication.de\/en\/wp-json\/wp\/v2\/comments?post=5164"}],"version-history":[{"count":1,"href":"https:\/\/althallercommunication.de\/en\/wp-json\/wp\/v2\/posts\/5164\/revisions"}],"predecessor-version":[{"id":9426,"href":"https:\/\/althallercommunication.de\/en\/wp-json\/wp\/v2\/posts\/5164\/revisions\/9426"}],"wp:attachment":[{"href":"https:\/\/althallercommunication.de\/en\/wp-json\/wp\/v2\/media?parent=5164"}],"wp:term":[{"taxonomy":"category","embeddable":true,"href":"https:\/\/althallercommunication.de\/en\/wp-json\/wp\/v2\/categories?post=5164"},{"taxonomy":"post_tag","embeddable":true,"href":"https:\/\/althallercommunication.de\/en\/wp-json\/wp\/v2\/tags?post=5164"}],"curies":[{"name":"wp","href":"https:\/\/api.w.org\/{rel}","templated":true}]}}