{"id":5652,"date":"2016-08-04T12:54:37","date_gmt":"2016-08-04T12:54:37","guid":{"rendered":"http:\/\/communicationmunich.de\/?p=5652"},"modified":"2023-12-14T13:41:09","modified_gmt":"2023-12-14T12:41:09","slug":"social-media-in-der-internen-kommunikation","status":"publish","type":"post","link":"https:\/\/althallercommunication.de\/en\/social-media-in-der-internen-kommunikation\/","title":{"rendered":"Social Media in der internen Kommunikation"},"content":{"rendered":"<h3>Tools erleichtern das Projektmanagement<\/h3>\n<p>Die Nutzung von Social Media ver\u00e4ndert auch die Kommunikationskultur in Unternehmen. Die privaten Erfahrungen der Nutzer mit Netzwerken wie Facebook, Twitter, Instagram und Messaging Diensten wie Whatsapp etc. pr\u00e4gen immer mehr auch die Erwartungen an die professionelle Kommunikation. Einfaches Ver\u00f6ffentlichen, effizientes Vernetzen, kurze Kommunikationswege, nutzerfreundliches Design \u2013 all dies machen uns die popul\u00e4ren Social Media Kan\u00e4le vor. Warum also sollten dieselben Nutzer dann in Ihrem Unternehmen umst\u00e4ndlich mit E-Mail kommunizieren, in Intranet-Datenfriedh\u00f6fen nach Informationen suchen, Termine in Outlook koordinieren, Projektpl\u00e4ne auf gemeinsamen Laufwerken in Excel verwalten usw. Gerade wenn es um Zusammenarbeit und Vernetzung geht, zeigen die Social Media Tools, wie es auch einfach gehen kann.<\/p>\n<p>[Tweet &#8220;#socialmedia tools vereinfachen #projektmanagement in der #Unternehmenskommunikation&#8221;]<\/p>\n<p>Im Business Bereich gibt es schon zahlreiche Anbieter, die Intranet und interne Organisation in Unternehmen in hilfreiche Tools und Apps umgewandelt haben. Wir haben uns im Bereich der kollaborativen Tools umgesehen.\u00a0<a href=\"https:\/\/slack.com\/\" target=\"_blank\" rel=\"noopener\">Slack<\/a> oder <a href=\"https:\/\/asana.com\/\" target=\"_blank\" rel=\"noopener\">asana<\/a> sind beispielsweise Soziale Netzwerke, die sich im Businessbereich im Teamwork bew\u00e4hrt haben. F\u00fcr Unternehmen stellt sich die Frage, ob diese kostenpflichtige digitale Form von Kommunikation es wert ist, eingef\u00fchrt zu werden. Wer den anf\u00e4nglichen Mehraufwand durch zus\u00e4tzliche Kommunikationskan\u00e4le betrachtet, sollte in Rechnung stellen, dass in der Regel eine Konsolidierung stattfindet. Arbeitsprozesse und Teamarbeit werden vereinfacht durch die Einf\u00fchrung eines Tools, welches Intranet, Wiki, Dateiablage und Teile der E-Mail Kommunikation vereint.\u00a0Testversionen und im Umfang reduzierte Versionen, die gratis erh\u00e4ltlich sind, erleichtern den Unternehmen den Einstieg.\u00a0In diesem Zusammenhang haben wir das Organisations-und Planungstool <a href=\"https:\/\/trello.com\/\" target=\"_blank\" rel=\"noopener\">Trello<\/a> getestet, welches sich im Teamwork eignet, um Aufgaben und ToDo Listen zu erstellen, zu managen, zu kommentieren, um letztlich im gesamten Team den \u00dcberblick zu behalten.<\/p>\n<p><strong>Wie Trello funktioniert<\/strong><\/p>\n<p>Trello ist ein Organisationstool, das sich sehr gut f\u00fcr die thematische Sortierung von Projekten und deren Bearbeitung eignet sowohl im Desktopmodus als auch in der mobilen Version bzw. als App f\u00fcr Android und Apple-Ger\u00e4te.<\/p>\n<p><strong>Boards<\/strong><\/p>\n<p>Gearbeitet wir mit verschiedenen Boards, die dem entsprechenden Thema zugeordnet werden \u2013 man kann diese privat nutzen oder innerhalb einer Gruppe Boards erstellen, die dann alle einsehen k\u00f6nnen bzw. ganz \u00f6ffentlich machen, so dass jeder mit dem Link das Board einsehen kann.\u00a0Mit Hilfe von Administratorenrechten, denen man den Mitgliedern der Gruppe zuweist, kann man diese Boards verschieden bearbeiten.<\/p>\n<p><strong>Listen<\/strong><strong>\u00a0<\/strong><\/p>\n<p>Auf diesem Board \u2013 welches dann zum Beispiel ein Projekt sein kann, kann man verschiedene Listen zuf\u00fcgen. Bew\u00e4hrt haben sich dreiteilige Listen mit beispielsweise \u201etodo\u201c, \u201epending\u201c und \u201edone\u201c.<\/p>\n<p><strong>Karten<\/strong><\/p>\n<p>Jede Aufgabe innerhalb eines Projektes sollte mit einer Karte versehen werden. F\u00fcr die Organisation der Arbeitsauftr\u00e4ge hat man die M\u00f6glichkeit<\/p>\n<ul>\n<li>Mitglieder in die Karte zu ziehen, um den Verantwortlichen zu zeigen<\/li>\n<li>Labels zu vergeben<\/li>\n<li>Checklisten zu erstellen<\/li>\n<li>Fristen zu setzen \u2013 Koordination mit Outlookterminen ist m\u00f6glich<\/li>\n<li>Dokumente anzuh\u00e4ngen,<\/li>\n<li>Kommentare zu setzen, etc.<\/li>\n<\/ul>\n<p>Diese Karten k\u00f6nnen beliebig in den Boards verschoben, kopiert und f\u00fcr andere Mitglieder oder externe via Link freigegeben werden. So l\u00e4sst sich beispielweise die Karte problemlos von der Todo Liste, in den Pendingbereich und nach erfolgreicher Erledigung in die Done-Liste verschieben. Oder in ein ganz anderes Themengebiet also ein anderes Board verschieben oder kopieren.<\/p>\n<p><strong>Archiv<\/strong><\/p>\n<p>Man kann abgearbeitete Auftr\u00e4ge archivieren und so das Board \u00fcbersichtlich lassen, aber f\u00fcr sp\u00e4tere Zusammenstellungen der gesamten Projektleistungen alle Karten wieder ersichtlich machen.<\/p>\n<p><strong>R\u00e9sum\u00e9:<\/strong><\/p>\n<p><strong>Vorteil:<\/strong><\/p>\n<p>Wer statt der chronologischen Kalender\u00fcbersicht gerne thematisch arbeitet, der hat mit Trello ein gutes Tool, das dieses mit einer direkten Kommentarfunktion erm\u00f6glicht. Gerade die mobile Version l\u00e4sst ein Wechseln zwischen verschiedenen Listen auf \u00fcbersichtliche Weise zu \u2013 und erm\u00f6glicht von \u00fcberall den Zugriff auf die zu bearbeitenden Projekte und deren Mitglieder.<\/p>\n<p><strong>Nachteil: <\/strong><\/p>\n<p>Bei Themen, die kaum Bilder, Produkte, Graphiken beinhalten, kann die visuelle Aufmachung des Tools langweilig wirken. M\u00f6glicherweise f\u00fchrt dann der fehlende visuelle Reiz nicht zur Motivation einer Umstellung auf ein solches Social Media Portal. Um dem entgegenzuwirken kann mit grafisch ansprechenden Hintergrundbildern, dem Einf\u00fchren von Mitarbeiterbildern statt der Namensk\u00fcrzel, etc. ein optischer Anreiz geschaffen werden.<\/p>\n<p>Daher ist vor jeder Neuimplementierung eines jeden Tools, welches die gesamten Mitarbeiter nutzen sollen, eine Auseinandersetzung mit den Oberfl\u00e4chen und Arbeitsweisen unumg\u00e4nglich, um den erfolgreichen Launch des neuen Kommunikations- und Projektmanagementtools in der Unternehmenskommunikation zu garantieren.<\/p>\n<p>Welche Erfahrungen haben Sie mit Apps und Sozialen Netzwerken in der Unternehmenskommunikation gemacht? Welche Tools k\u00f6nnen Sie empfehlen? Wir freuen uns auf Ihre Kommentare und Tipps, wie Sie dem digitalen Wandel in der Unternehmenskommunikation Rechnung tragen.<\/p>\n<p><a title=\"Jacqueline Althaller\" href=\"https:\/\/althallercommunication.de\/werwirsind\/jacqueline-althaller\/\" target=\"_blank\" rel=\"noopener\">Von\u00a0Jacqueline Althaller<\/a><\/p>\n<p>&nbsp;<\/p>\n","protected":false},"excerpt":{"rendered":"<p>Tools erleichtern das Projektmanagement Die Nutzung von Social Media ver\u00e4ndert auch die Kommunikationskultur in Unternehmen. Die privaten Erfahrungen der Nutzer mit Netzwerken wie Facebook, Twitter, Instagram und Messaging Diensten wie Whatsapp etc. pr\u00e4gen immer mehr auch die Erwartungen an die professionelle Kommunikation. Einfaches Ver\u00f6ffentlichen, effizientes Vernetzen, kurze Kommunikationswege, nutzerfreundliches Design \u2013 all dies machen uns [&hellip;]<\/p>\n","protected":false},"author":6,"featured_media":6238,"comment_status":"closed","ping_status":"open","sticky":false,"template":"","format":"standard","meta":{"_et_pb_use_builder":"","_et_pb_old_content":"","_et_gb_content_width":"","inline_featured_image":false,"footnotes":""},"categories":[],"tags":[],"class_list":["post-5652","post","type-post","status-publish","format-standard","has-post-thumbnail","hentry"],"yoast_head":"<!-- This site is optimized with the Yoast SEO Premium plugin v25.3 (Yoast SEO v27.4) - https:\/\/yoast.com\/product\/yoast-seo-premium-wordpress\/ -->\n<title>Social Media in der internen Kommunikation<\/title>\n<meta name=\"description\" content=\"Tools erleichtern das Projektmanagement. Effizientes Vernetzen, kurze Kommunikationswege, nutzerfreundliches Design \u2013 Social Media Kan\u00e4le machen es vor.\" \/>\n<meta name=\"robots\" content=\"index, follow, max-snippet:-1, max-image-preview:large, max-video-preview:-1\" \/>\n<link rel=\"canonical\" href=\"https:\/\/althallercommunication.de\/social-media-in-der-internen-kommunikation\/\" \/>\n<meta property=\"og:locale\" content=\"en_US\" \/>\n<meta property=\"og:type\" content=\"article\" \/>\n<meta property=\"og:title\" content=\"Social Media in der internen Kommunikation\" \/>\n<meta property=\"og:description\" content=\"Tools erleichtern das Projektmanagement. Effizientes Vernetzen, kurze Kommunikationswege, nutzerfreundliches Design \u2013 Social Media Kan\u00e4le machen es vor.\" \/>\n<meta property=\"og:url\" content=\"https:\/\/althallercommunication.de\/social-media-in-der-internen-kommunikation\/\" \/>\n<meta property=\"og:site_name\" content=\"althaller communication\" \/>\n<meta property=\"article:publisher\" content=\"https:\/\/www.facebook.com\/althallercommunication\" \/>\n<meta property=\"article:published_time\" content=\"2016-08-04T12:54:37+00:00\" \/>\n<meta property=\"article:modified_time\" content=\"2023-12-14T12:41:09+00:00\" \/>\n<meta property=\"og:image\" content=\"https:\/\/althallercommunication.de\/wp-content\/uploads\/2016\/06\/Social-Media-in-der-internen-Kommunikation.jpg\" \/>\n\t<meta property=\"og:image:width\" content=\"800\" \/>\n\t<meta property=\"og:image:height\" content=\"534\" \/>\n\t<meta property=\"og:image:type\" content=\"image\/jpeg\" \/>\n<meta name=\"author\" content=\"Jacqueline Althaller\" \/>\n<meta name=\"twitter:card\" content=\"summary_large_image\" \/>\n<meta name=\"twitter:creator\" content=\"@ALTHALLERcom\" \/>\n<meta name=\"twitter:site\" content=\"@ALTHALLERcom\" \/>\n<meta name=\"twitter:label1\" content=\"Written by\" \/>\n\t<meta name=\"twitter:data1\" content=\"Jacqueline Althaller\" \/>\n\t<meta name=\"twitter:label2\" content=\"Est. reading time\" \/>\n\t<meta name=\"twitter:data2\" content=\"4 minutes\" \/>\n<script type=\"application\/ld+json\" class=\"yoast-schema-graph\">{\"@context\":\"https:\\\/\\\/schema.org\",\"@graph\":[{\"@type\":\"Article\",\"@id\":\"https:\\\/\\\/althallercommunication.de\\\/social-media-in-der-internen-kommunikation\\\/#article\",\"isPartOf\":{\"@id\":\"https:\\\/\\\/althallercommunication.de\\\/social-media-in-der-internen-kommunikation\\\/\"},\"author\":{\"name\":\"Jacqueline Althaller\",\"@id\":\"https:\\\/\\\/althallercommunication.de\\\/#\\\/schema\\\/person\\\/4ca72b5e8d0bebc1f9b3061e463e32ee\"},\"headline\":\"Social Media in der internen Kommunikation\",\"datePublished\":\"2016-08-04T12:54:37+00:00\",\"dateModified\":\"2023-12-14T12:41:09+00:00\",\"mainEntityOfPage\":{\"@id\":\"https:\\\/\\\/althallercommunication.de\\\/social-media-in-der-internen-kommunikation\\\/\"},\"wordCount\":760,\"publisher\":{\"@id\":\"https:\\\/\\\/althallercommunication.de\\\/#organization\"},\"image\":{\"@id\":\"https:\\\/\\\/althallercommunication.de\\\/social-media-in-der-internen-kommunikation\\\/#primaryimage\"},\"thumbnailUrl\":\"https:\\\/\\\/althallercommunication.de\\\/wp-content\\\/uploads\\\/2016\\\/06\\\/Social-Media-in-der-internen-Kommunikation.jpg\",\"inLanguage\":\"en-US\"},{\"@type\":\"WebPage\",\"@id\":\"https:\\\/\\\/althallercommunication.de\\\/social-media-in-der-internen-kommunikation\\\/\",\"url\":\"https:\\\/\\\/althallercommunication.de\\\/social-media-in-der-internen-kommunikation\\\/\",\"name\":\"Social Media in der internen Kommunikation\",\"isPartOf\":{\"@id\":\"https:\\\/\\\/althallercommunication.de\\\/#website\"},\"primaryImageOfPage\":{\"@id\":\"https:\\\/\\\/althallercommunication.de\\\/social-media-in-der-internen-kommunikation\\\/#primaryimage\"},\"image\":{\"@id\":\"https:\\\/\\\/althallercommunication.de\\\/social-media-in-der-internen-kommunikation\\\/#primaryimage\"},\"thumbnailUrl\":\"https:\\\/\\\/althallercommunication.de\\\/wp-content\\\/uploads\\\/2016\\\/06\\\/Social-Media-in-der-internen-Kommunikation.jpg\",\"datePublished\":\"2016-08-04T12:54:37+00:00\",\"dateModified\":\"2023-12-14T12:41:09+00:00\",\"description\":\"Tools erleichtern das Projektmanagement. Effizientes Vernetzen, kurze Kommunikationswege, nutzerfreundliches Design \u2013 Social Media Kan\u00e4le machen es vor.\",\"breadcrumb\":{\"@id\":\"https:\\\/\\\/althallercommunication.de\\\/social-media-in-der-internen-kommunikation\\\/#breadcrumb\"},\"inLanguage\":\"en-US\",\"potentialAction\":[{\"@type\":\"ReadAction\",\"target\":[\"https:\\\/\\\/althallercommunication.de\\\/social-media-in-der-internen-kommunikation\\\/\"]}]},{\"@type\":\"ImageObject\",\"inLanguage\":\"en-US\",\"@id\":\"https:\\\/\\\/althallercommunication.de\\\/social-media-in-der-internen-kommunikation\\\/#primaryimage\",\"url\":\"https:\\\/\\\/althallercommunication.de\\\/wp-content\\\/uploads\\\/2016\\\/06\\\/Social-Media-in-der-internen-Kommunikation.jpg\",\"contentUrl\":\"https:\\\/\\\/althallercommunication.de\\\/wp-content\\\/uploads\\\/2016\\\/06\\\/Social-Media-in-der-internen-Kommunikation.jpg\",\"width\":800,\"height\":534},{\"@type\":\"BreadcrumbList\",\"@id\":\"https:\\\/\\\/althallercommunication.de\\\/social-media-in-der-internen-kommunikation\\\/#breadcrumb\",\"itemListElement\":[{\"@type\":\"ListItem\",\"position\":1,\"name\":\"Startseite\",\"item\":\"https:\\\/\\\/althallercommunication.de\\\/en\\\/\"},{\"@type\":\"ListItem\",\"position\":2,\"name\":\"Social Media in der internen Kommunikation\"}]},{\"@type\":\"WebSite\",\"@id\":\"https:\\\/\\\/althallercommunication.de\\\/#website\",\"url\":\"https:\\\/\\\/althallercommunication.de\\\/\",\"name\":\"althaller communication\",\"description\":\"Martkommunikation B2B\",\"publisher\":{\"@id\":\"https:\\\/\\\/althallercommunication.de\\\/#organization\"},\"potentialAction\":[{\"@type\":\"SearchAction\",\"target\":{\"@type\":\"EntryPoint\",\"urlTemplate\":\"https:\\\/\\\/althallercommunication.de\\\/?s={search_term_string}\"},\"query-input\":{\"@type\":\"PropertyValueSpecification\",\"valueRequired\":true,\"valueName\":\"search_term_string\"}}],\"inLanguage\":\"en-US\"},{\"@type\":\"Organization\",\"@id\":\"https:\\\/\\\/althallercommunication.de\\\/#organization\",\"name\":\"ALTHALLER communication\",\"url\":\"https:\\\/\\\/althallercommunication.de\\\/\",\"logo\":{\"@type\":\"ImageObject\",\"inLanguage\":\"en-US\",\"@id\":\"https:\\\/\\\/althallercommunication.de\\\/#\\\/schema\\\/logo\\\/image\\\/\",\"url\":\"https:\\\/\\\/althallercommunication.de\\\/wp-content\\\/uploads\\\/2023\\\/12\\\/althaller_comm_b.png\",\"contentUrl\":\"https:\\\/\\\/althallercommunication.de\\\/wp-content\\\/uploads\\\/2023\\\/12\\\/althaller_comm_b.png\",\"width\":464,\"height\":110,\"caption\":\"ALTHALLER communication\"},\"image\":{\"@id\":\"https:\\\/\\\/althallercommunication.de\\\/#\\\/schema\\\/logo\\\/image\\\/\"},\"sameAs\":[\"https:\\\/\\\/www.facebook.com\\\/althallercommunication\",\"https:\\\/\\\/x.com\\\/ALTHALLERcom\",\"https:\\\/\\\/www.linkedin.com\\\/company\\\/3332596?trk=tyah&amp;amp;amp;trkInfo=tas:COMMUNICATION Presse und PR,idx:1-1-1\"]},{\"@type\":\"Person\",\"@id\":\"https:\\\/\\\/althallercommunication.de\\\/#\\\/schema\\\/person\\\/4ca72b5e8d0bebc1f9b3061e463e32ee\",\"name\":\"Jacqueline Althaller\",\"image\":{\"@type\":\"ImageObject\",\"inLanguage\":\"en-US\",\"@id\":\"https:\\\/\\\/secure.gravatar.com\\\/avatar\\\/2e8cdf7784b763130efe210406ba46634d04913cf12c46cf98b2799d6da47211?s=96&d=mm&r=g\",\"url\":\"https:\\\/\\\/secure.gravatar.com\\\/avatar\\\/2e8cdf7784b763130efe210406ba46634d04913cf12c46cf98b2799d6da47211?s=96&d=mm&r=g\",\"contentUrl\":\"https:\\\/\\\/secure.gravatar.com\\\/avatar\\\/2e8cdf7784b763130efe210406ba46634d04913cf12c46cf98b2799d6da47211?s=96&d=mm&r=g\",\"caption\":\"Jacqueline Althaller\"},\"description\":\"$$$2021hmb8hzb4MD\",\"url\":\"https:\\\/\\\/althallercommunication.de\\\/en\\\/author\\\/jacqueline-althaller\\\/\"}]}<\/script>\n<!-- \/ Yoast SEO Premium plugin. -->","yoast_head_json":{"title":"Social Media in der internen Kommunikation","description":"Tools erleichtern das Projektmanagement. Effizientes Vernetzen, kurze Kommunikationswege, nutzerfreundliches Design \u2013 Social Media Kan\u00e4le machen es vor.","robots":{"index":"index","follow":"follow","max-snippet":"max-snippet:-1","max-image-preview":"max-image-preview:large","max-video-preview":"max-video-preview:-1"},"canonical":"https:\/\/althallercommunication.de\/social-media-in-der-internen-kommunikation\/","og_locale":"en_US","og_type":"article","og_title":"Social Media in der internen Kommunikation","og_description":"Tools erleichtern das Projektmanagement. Effizientes Vernetzen, kurze Kommunikationswege, nutzerfreundliches Design \u2013 Social Media Kan\u00e4le machen es vor.","og_url":"https:\/\/althallercommunication.de\/social-media-in-der-internen-kommunikation\/","og_site_name":"althaller communication","article_publisher":"https:\/\/www.facebook.com\/althallercommunication","article_published_time":"2016-08-04T12:54:37+00:00","article_modified_time":"2023-12-14T12:41:09+00:00","og_image":[{"width":800,"height":534,"url":"https:\/\/althallercommunication.de\/wp-content\/uploads\/2016\/06\/Social-Media-in-der-internen-Kommunikation.jpg","type":"image\/jpeg"}],"author":"Jacqueline Althaller","twitter_card":"summary_large_image","twitter_creator":"@ALTHALLERcom","twitter_site":"@ALTHALLERcom","twitter_misc":{"Written by":"Jacqueline Althaller","Est. reading time":"4 minutes"},"schema":{"@context":"https:\/\/schema.org","@graph":[{"@type":"Article","@id":"https:\/\/althallercommunication.de\/social-media-in-der-internen-kommunikation\/#article","isPartOf":{"@id":"https:\/\/althallercommunication.de\/social-media-in-der-internen-kommunikation\/"},"author":{"name":"Jacqueline Althaller","@id":"https:\/\/althallercommunication.de\/#\/schema\/person\/4ca72b5e8d0bebc1f9b3061e463e32ee"},"headline":"Social Media in der internen Kommunikation","datePublished":"2016-08-04T12:54:37+00:00","dateModified":"2023-12-14T12:41:09+00:00","mainEntityOfPage":{"@id":"https:\/\/althallercommunication.de\/social-media-in-der-internen-kommunikation\/"},"wordCount":760,"publisher":{"@id":"https:\/\/althallercommunication.de\/#organization"},"image":{"@id":"https:\/\/althallercommunication.de\/social-media-in-der-internen-kommunikation\/#primaryimage"},"thumbnailUrl":"https:\/\/althallercommunication.de\/wp-content\/uploads\/2016\/06\/Social-Media-in-der-internen-Kommunikation.jpg","inLanguage":"en-US"},{"@type":"WebPage","@id":"https:\/\/althallercommunication.de\/social-media-in-der-internen-kommunikation\/","url":"https:\/\/althallercommunication.de\/social-media-in-der-internen-kommunikation\/","name":"Social Media in der internen Kommunikation","isPartOf":{"@id":"https:\/\/althallercommunication.de\/#website"},"primaryImageOfPage":{"@id":"https:\/\/althallercommunication.de\/social-media-in-der-internen-kommunikation\/#primaryimage"},"image":{"@id":"https:\/\/althallercommunication.de\/social-media-in-der-internen-kommunikation\/#primaryimage"},"thumbnailUrl":"https:\/\/althallercommunication.de\/wp-content\/uploads\/2016\/06\/Social-Media-in-der-internen-Kommunikation.jpg","datePublished":"2016-08-04T12:54:37+00:00","dateModified":"2023-12-14T12:41:09+00:00","description":"Tools erleichtern das Projektmanagement. Effizientes Vernetzen, kurze Kommunikationswege, nutzerfreundliches Design \u2013 Social Media Kan\u00e4le machen es vor.","breadcrumb":{"@id":"https:\/\/althallercommunication.de\/social-media-in-der-internen-kommunikation\/#breadcrumb"},"inLanguage":"en-US","potentialAction":[{"@type":"ReadAction","target":["https:\/\/althallercommunication.de\/social-media-in-der-internen-kommunikation\/"]}]},{"@type":"ImageObject","inLanguage":"en-US","@id":"https:\/\/althallercommunication.de\/social-media-in-der-internen-kommunikation\/#primaryimage","url":"https:\/\/althallercommunication.de\/wp-content\/uploads\/2016\/06\/Social-Media-in-der-internen-Kommunikation.jpg","contentUrl":"https:\/\/althallercommunication.de\/wp-content\/uploads\/2016\/06\/Social-Media-in-der-internen-Kommunikation.jpg","width":800,"height":534},{"@type":"BreadcrumbList","@id":"https:\/\/althallercommunication.de\/social-media-in-der-internen-kommunikation\/#breadcrumb","itemListElement":[{"@type":"ListItem","position":1,"name":"Startseite","item":"https:\/\/althallercommunication.de\/en\/"},{"@type":"ListItem","position":2,"name":"Social Media in der internen Kommunikation"}]},{"@type":"WebSite","@id":"https:\/\/althallercommunication.de\/#website","url":"https:\/\/althallercommunication.de\/","name":"althaller communication","description":"Martkommunikation B2B","publisher":{"@id":"https:\/\/althallercommunication.de\/#organization"},"potentialAction":[{"@type":"SearchAction","target":{"@type":"EntryPoint","urlTemplate":"https:\/\/althallercommunication.de\/?s={search_term_string}"},"query-input":{"@type":"PropertyValueSpecification","valueRequired":true,"valueName":"search_term_string"}}],"inLanguage":"en-US"},{"@type":"Organization","@id":"https:\/\/althallercommunication.de\/#organization","name":"ALTHALLER communication","url":"https:\/\/althallercommunication.de\/","logo":{"@type":"ImageObject","inLanguage":"en-US","@id":"https:\/\/althallercommunication.de\/#\/schema\/logo\/image\/","url":"https:\/\/althallercommunication.de\/wp-content\/uploads\/2023\/12\/althaller_comm_b.png","contentUrl":"https:\/\/althallercommunication.de\/wp-content\/uploads\/2023\/12\/althaller_comm_b.png","width":464,"height":110,"caption":"ALTHALLER communication"},"image":{"@id":"https:\/\/althallercommunication.de\/#\/schema\/logo\/image\/"},"sameAs":["https:\/\/www.facebook.com\/althallercommunication","https:\/\/x.com\/ALTHALLERcom","https:\/\/www.linkedin.com\/company\/3332596?trk=tyah&amp;amp;amp;trkInfo=tas:COMMUNICATION Presse und PR,idx:1-1-1"]},{"@type":"Person","@id":"https:\/\/althallercommunication.de\/#\/schema\/person\/4ca72b5e8d0bebc1f9b3061e463e32ee","name":"Jacqueline Althaller","image":{"@type":"ImageObject","inLanguage":"en-US","@id":"https:\/\/secure.gravatar.com\/avatar\/2e8cdf7784b763130efe210406ba46634d04913cf12c46cf98b2799d6da47211?s=96&d=mm&r=g","url":"https:\/\/secure.gravatar.com\/avatar\/2e8cdf7784b763130efe210406ba46634d04913cf12c46cf98b2799d6da47211?s=96&d=mm&r=g","contentUrl":"https:\/\/secure.gravatar.com\/avatar\/2e8cdf7784b763130efe210406ba46634d04913cf12c46cf98b2799d6da47211?s=96&d=mm&r=g","caption":"Jacqueline Althaller"},"description":"$$$2021hmb8hzb4MD","url":"https:\/\/althallercommunication.de\/en\/author\/jacqueline-althaller\/"}]}},"_links":{"self":[{"href":"https:\/\/althallercommunication.de\/en\/wp-json\/wp\/v2\/posts\/5652","targetHints":{"allow":["GET"]}}],"collection":[{"href":"https:\/\/althallercommunication.de\/en\/wp-json\/wp\/v2\/posts"}],"about":[{"href":"https:\/\/althallercommunication.de\/en\/wp-json\/wp\/v2\/types\/post"}],"author":[{"embeddable":true,"href":"https:\/\/althallercommunication.de\/en\/wp-json\/wp\/v2\/users\/6"}],"replies":[{"embeddable":true,"href":"https:\/\/althallercommunication.de\/en\/wp-json\/wp\/v2\/comments?post=5652"}],"version-history":[{"count":4,"href":"https:\/\/althallercommunication.de\/en\/wp-json\/wp\/v2\/posts\/5652\/revisions"}],"predecessor-version":[{"id":28156,"href":"https:\/\/althallercommunication.de\/en\/wp-json\/wp\/v2\/posts\/5652\/revisions\/28156"}],"wp:featuredmedia":[{"embeddable":true,"href":"https:\/\/althallercommunication.de\/en\/wp-json\/wp\/v2\/media\/6238"}],"wp:attachment":[{"href":"https:\/\/althallercommunication.de\/en\/wp-json\/wp\/v2\/media?parent=5652"}],"wp:term":[{"taxonomy":"category","embeddable":true,"href":"https:\/\/althallercommunication.de\/en\/wp-json\/wp\/v2\/categories?post=5652"},{"taxonomy":"post_tag","embeddable":true,"href":"https:\/\/althallercommunication.de\/en\/wp-json\/wp\/v2\/tags?post=5652"}],"curies":[{"name":"wp","href":"https:\/\/api.w.org\/{rel}","templated":true}]}}